{"id":975,"date":"2019-06-26T21:27:08","date_gmt":"2019-06-26T19:27:08","guid":{"rendered":"http:\/\/www.kiskunmajsafc.hu\/?p=975"},"modified":"2019-06-26T21:27:08","modified_gmt":"2019-06-26T19:27:08","slug":"nyilt-palyazati-felhivas-tao-tamogatasbol-megvalosulo-projektre","status":"publish","type":"post","link":"https:\/\/www.kiskunmajsafc.hu\/?p=975","title":{"rendered":"Ny\u00edlt p\u00e1ly\u00e1zati  felh\u00edv\u00e1s TAO t\u00e1mogat\u00e1sb\u00f3l megval\u00f3sul\u00f3 projektre"},"content":{"rendered":"<p><span style=\"font-family: Times New Roman, serif;\"><span style=\"font-size: medium;\"><u>A Kiskunmajsai Football Club<\/u> (6120 Kiskunmajsa, K\u00e1lv\u00e1ria u. 12.) <u>ny\u00edlt p\u00e1ly\u00e1zatot hirdet<\/u> <b>Sportcsarnok fel\u00faj\u00edt\u00e1si<\/b> munk\u00e1latok kivitelez\u00e9s\u00e9nek elv\u00e9gz\u00e9s\u00e9re.<\/span><\/span><\/p>\n<p><span style=\"font-family: Times New Roman, serif;\"><span style=\"font-size: medium;\">A Kiskunmajsai Football Club (6120 Kiskunmajsa, K\u00e1lv\u00e1ria u. 12.) a t\u00e1rsas\u00e1gi ad\u00f3r\u00f3l \u00e9s az osztal\u00e9kad\u00f3r\u00f3l sz\u00f3l\u00f3 1996. \u00e9vi LXXXI. t\u00f6rv\u00e9ny valamint 107\/2011 (VI.30.) Korm. rend. alapj\u00e1n p\u00e1ly\u00e1zatot ny\u00fajtott be a Magyar Labdar\u00fag\u00f3 Sz\u00f6vets\u00e9ghez. A p\u00e1ly\u00e1zat elb\u00edr\u00e1l\u00e1sa be\/SFP-23171\/2018\/MLSZ \u00a0sz\u00e1mon sikeresen megt\u00f6rt\u00e9nt, a beruh\u00e1z\u00e1shoz a TAO t\u00e1mogat\u00e1s fedezetk\u00e9nt rendelkez\u00e9sre \u00e1ll.<\/span><\/span><\/p>\n<p><span style=\"font-family: Times New Roman, serif;\"><span style=\"font-size: medium;\">A ny\u00edlt p\u00e1ly\u00e1zati anyagot elektronikusan a Kiskunmajsai Football Club e-mail c\u00edm\u00e9re \u2013 <a href=\"mailto:kiskunmajsafc@gmail.com\">kiskunmajsafc@gmail.com<\/a> \u2013 \u00edrt r\u00f6vid elektronikus lev\u00e9lben kell ig\u00e9nyelni.<\/span><\/span><\/p>\n<p><span style=\"font-family: Times New Roman, serif;\"><span style=\"font-size: medium;\">A tervdokument\u00e1ci\u00f3 a mell\u00e9kletekben megtal\u00e1lhat\u00f3.<\/span><\/span><\/p>\n<p><span style=\"font-family: Times New Roman, serif;\"><span style=\"font-size: medium;\">A sportcsarnok fel\u00faj\u00edt\u00e1si aj\u00e1nlatban, csak az energetikai fel\u00faj\u00edt\u00e1sra vonatkoz\u00f3 terveket \u00e9s k\u00f6lts\u00e9gelemeket kell figyelembe venni.<\/span><\/span><\/p>\n<p><span style=\"font-family: Times New Roman, serif;\"><span style=\"font-size: medium;\">Az elektronikus lev\u00e9lben k\u00e9rj\u00fck felt\u00fcntetni a p\u00e1ly\u00e1zati csomagot ig\u00e9nyl\u0151 c\u00e9g nev\u00e9t, sz\u00e9khely\u00e9t, c\u00e9gjegyz\u00e9k sz\u00e1m\u00e1t, ad\u00f3sz\u00e1m\u00e1t, telefonos \u00e9s e-mail el\u00e9rhet\u0151s\u00e9g\u00e9t.<\/span><\/span><\/p>\n<p><span style=\"font-family: Times New Roman, serif;\"><span style=\"font-size: medium;\">Aj\u00e1nlatt\u00e9teli hat\u00e1rid\u0151 2019 j\u00falius 11. 10.00<\/span><\/span><\/p>\n<p>&nbsp;<\/p>\n<p><a href=\"http:\/\/www.kiskunmajsafc.hu\/wp-content\/uploads\/2019\/06\/KFC-felh\u00edv\u00e1s-sportcsarnok-fel\u00faj\u00edt\u00e1s.pdf\">KFC felh\u00edv\u00e1s sportcsarnok fel\u00faj\u00edt\u00e1s<\/a><\/p>\n<p><a href=\"http:\/\/www.kiskunmajsafc.hu\/wp-content\/uploads\/2019\/06\/V\u00e1rosi-Gy-sportcs.-m\u0171szaki-le\u00edr\u00e1s.pdf\">V\u00e1rosi Gy sportcs. m\u0171szaki le\u00edr\u00e1s<\/a><\/p>\n<p><a href=\"http:\/\/www.kiskunmajsafc.hu\/wp-content\/uploads\/2019\/06\/E-01-Helysz\u00ednrajz.pdf\">E-01 Helysz\u00ednrajz<\/a><\/p>\n<p><a href=\"http:\/\/www.kiskunmajsafc.hu\/wp-content\/uploads\/2019\/06\/E-02-Alaprajz.pdf\">E-02 Alaprajz<\/a><\/p>\n<p><a href=\"http:\/\/www.kiskunmajsafc.hu\/wp-content\/uploads\/2019\/06\/E-03-Metszetek.pdf\">E-03 Metszetek<\/a><\/p>\n<p><a href=\"http:\/\/www.kiskunmajsafc.hu\/wp-content\/uploads\/2019\/06\/E-04-Homlokzatok.pdf\">E-04 Homlokzatok<\/a><\/p>\n<p><a href=\"http:\/\/www.kiskunmajsafc.hu\/wp-content\/uploads\/2019\/06\/Teljes-\u00e9p\u00fclet-keresztmetszet.pdf\">Teljes \u00e9p\u00fclet keresztmetszet<\/a><\/p>\n<p>&nbsp;<\/p>\n","protected":false},"excerpt":{"rendered":"<p>A Kiskunmajsai Football Club (6120 Kiskunmajsa, K\u00e1lv\u00e1ria u. 12.) ny\u00edlt p\u00e1ly\u00e1zatot hirdet Sportcsarnok fel\u00faj\u00edt\u00e1si munk\u00e1latok kivitelez\u00e9s\u00e9nek elv\u00e9gz\u00e9s\u00e9re. A Kiskunmajsai Football Club (6120 Kiskunmajsa, K\u00e1lv\u00e1ria u. 12.) a t\u00e1rsas\u00e1gi ad\u00f3r\u00f3l \u00e9s az osztal\u00e9kad\u00f3r\u00f3l sz\u00f3l\u00f3 1996. \u00e9vi LXXXI. t\u00f6rv\u00e9ny valamint 107\/2011 (VI.30.) Korm. rend. alapj\u00e1n p\u00e1ly\u00e1zatot ny\u00fajtott be a Magyar Labdar\u00fag\u00f3 Sz\u00f6vets\u00e9ghez. A p\u00e1ly\u00e1zat elb\u00edr\u00e1l\u00e1sa be\/SFP-23171\/2018\/MLSZ \u00a0sz\u00e1mon [&hellip;]<\/p>\n","protected":false},"author":1,"featured_media":0,"comment_status":"closed","ping_status":"open","sticky":false,"template":"","format":"standard","meta":[],"categories":[1],"tags":[],"_links":{"self":[{"href":"https:\/\/www.kiskunmajsafc.hu\/index.php?rest_route=\/wp\/v2\/posts\/975"}],"collection":[{"href":"https:\/\/www.kiskunmajsafc.hu\/index.php?rest_route=\/wp\/v2\/posts"}],"about":[{"href":"https:\/\/www.kiskunmajsafc.hu\/index.php?rest_route=\/wp\/v2\/types\/post"}],"author":[{"embeddable":true,"href":"https:\/\/www.kiskunmajsafc.hu\/index.php?rest_route=\/wp\/v2\/users\/1"}],"replies":[{"embeddable":true,"href":"https:\/\/www.kiskunmajsafc.hu\/index.php?rest_route=%2Fwp%2Fv2%2Fcomments&post=975"}],"version-history":[{"count":2,"href":"https:\/\/www.kiskunmajsafc.hu\/index.php?rest_route=\/wp\/v2\/posts\/975\/revisions"}],"predecessor-version":[{"id":984,"href":"https:\/\/www.kiskunmajsafc.hu\/index.php?rest_route=\/wp\/v2\/posts\/975\/revisions\/984"}],"wp:attachment":[{"href":"https:\/\/www.kiskunmajsafc.hu\/index.php?rest_route=%2Fwp%2Fv2%2Fmedia&parent=975"}],"wp:term":[{"taxonomy":"category","embeddable":true,"href":"https:\/\/www.kiskunmajsafc.hu\/index.php?rest_route=%2Fwp%2Fv2%2Fcategories&post=975"},{"taxonomy":"post_tag","embeddable":true,"href":"https:\/\/www.kiskunmajsafc.hu\/index.php?rest_route=%2Fwp%2Fv2%2Ftags&post=975"}],"curies":[{"name":"wp","href":"https:\/\/api.w.org\/{rel}","templated":true}]}}